{"id":1254,"date":"2024-03-20T12:00:10","date_gmt":"2024-03-20T12:00:10","guid":{"rendered":"https:\/\/dfc.fr\/?p=1254"},"modified":"2024-03-19T12:01:05","modified_gmt":"2024-03-19T12:01:05","slug":"evenements-22-24-mars","status":"publish","type":"post","link":"https:\/\/dfc.fr\/en\/evenements-22-24-mars\/","title":{"rendered":"Outings in Paris from March 22 to 24"},"content":{"rendered":"<div data-elementor-type=\"wp-post\" data-elementor-id=\"1254\" class=\"elementor elementor-1254\">\n\t\t\t\t<div class=\"elementor-element elementor-element-12c0cb8a e-flex e-con-boxed e-con e-parent\" data-id=\"12c0cb8a\" data-element_type=\"container\" data-e-type=\"container\">\n\t\t\t\t\t<div class=\"e-con-inner\">\n\t\t\t\t<div class=\"elementor-element elementor-element-6f66a5a1 elementor-widget elementor-widget-text-editor\" data-id=\"6f66a5a1\" data-element_type=\"widget\" data-e-type=\"widget\" data-widget_type=\"text-editor.default\">\n\t\t\t\t<div class=\"elementor-widget-container\">\n\t\t\t\t\t\t\t\t\t<p><\/p>\n<figure class=\"wp-block-image size-full\"><img decoding=\"async\" class=\"wp-image-1154\" src=\"https:\/\/dfc.fr\/wp-content\/uploads\/2024\/03\/Foire-trone.jpg\" alt=\"\" data-wp-editing=\"1\" \/><\/figure>\n<p><\/p>\n<p><\/p>\n<p>The weekend of March 22 in Paris promises to be packed with unmissable events. Whether you're a thrill-seeker, film buff or music lover, there's something for everyone. Here's an overview of the three major events not to be missed:<\/p>\n<h3 style=\"color: #f3d97a;\"><a href=\"https:\/\/www.foiredutrone.com\/\" target=\"_blank\" rel=\"noopener\">1. <strong>Foire du Tr\u00f4ne :<\/strong><\/a><\/h3>\n<p>The Foire du Tr\u00f4ne, one of Paris's most emblematic events, opens its doors this weekend for a new edition packed with attractions and entertainment. From March 22 to May 27, head to the Pelouse de Reuilly for thrilling rides, gourmet stands and the festive atmosphere that characterizes this annual event.<\/p>\n<h3 style=\"color: #f3d97a;\"><a href=\"https:\/\/www.printempsducinema.com\/\" target=\"_blank\" rel=\"noopener\">2. <strong>Printemps du Cin\u00e9ma :<\/strong><\/a><\/h3>\n<p>Cinephiles will be delighted to know that Printemps du Cin\u00e9ma also kicks off this weekend. From March 23 to 25, enjoy three days of reduced-price screenings at participating cinemas across France. It's the perfect opportunity to discover the latest blockbusters, independent films or cinema classics on the big screen at a bargain price.<\/p>\n<h3 style=\"color: #f3d97a;\"><a href=\"https:\/\/chorus.hauts-de-seine.fr\/\" target=\"_blank\" rel=\"noopener\">3. <strong>Chorus Festival :<\/strong><\/a><\/h3>\n<p>Music fans won't be left out with the Chorus Festival, which runs from March 20 to 25 at La D\u00e9fense. This eclectic festival offers a varied program featuring artists from the French and international scenes. Concerts, shows and artistic encounters are all part of the celebration of musical diversity.<\/p>\n<p>Whether you opt for a visit to the Foire du Tr\u00f4ne, take advantage of reduced-rate cinema screenings or immerse yourself in the atmosphere of the Chorus Festival, this weekend in Paris promises to be rich in emotions and discoveries.<\/p>\n<p>For more information on these events and to consult the detailed program, visit the official websites of the Foire du Tr\u00f4ne, Printemps du Cin\u00e9ma and Chorus Festival.<\/p>\n<p>Make the most of this weekend and experience unforgettable moments in the heart of the French capital !<!--<\/p--><\/p>\t\t\t\t\t\t\t\t<\/div>\n\t\t\t\t<\/div>\n\t\t\t\t\t<\/div>\n\t\t\t\t<\/div>\n\t\t\t\t<\/div>","protected":false},"excerpt":{"rendered":"<p>Ce week-end du 22 mars \u00e0 Paris s&rsquo;annonce riche en sorties et en \u00e9v\u00e9nements incontournables. Que vous soyez amateur de sensations fortes, passionn\u00e9 de cin\u00e9ma ou m\u00e9lomane, il y en aura pour tous les go\u00fbts. Voici un aper\u00e7u des trois grands rendez-vous \u00e0 ne pas manquer : 1. Foire du Tr\u00f4ne : La Foire du [&hellip;]<\/p>\n","protected":false},"author":7,"featured_media":1255,"comment_status":"open","ping_status":"open","sticky":false,"template":"","format":"standard","meta":{"_uag_custom_page_level_css":"","site-sidebar-layout":"default","site-content-layout":null,"ast-site-content-layout":"default","site-content-style":"default","site-sidebar-style":"default","ast-global-header-display":"","ast-banner-title-visibility":"","ast-main-header-display":"","ast-hfb-above-header-display":null,"ast-hfb-below-header-display":null,"ast-hfb-mobile-header-display":"","site-post-title":"","ast-breadcrumbs-content":null,"ast-featured-img":"disabled","footer-sml-layout":"","ast-disable-related-posts":"","theme-transparent-header-meta":"","adv-header-id-meta":"","stick-header-meta":"","header-above-stick-meta":null,"header-main-stick-meta":"","header-below-stick-meta":null,"astra-migrate-meta-layouts":"set","ast-page-background-enabled":"default","ast-page-background-meta":{"desktop":{"background-color":"","background-image":"","background-repeat":"repeat","background-position":"center center","background-size":"auto","background-attachment":"scroll","background-type":"","background-media":"","overlay-type":"","overlay-color":"","overlay-opacity":"","overlay-gradient":""},"tablet":{"background-color":"","background-image":"","background-repeat":"repeat","background-position":"center center","background-size":"auto","background-attachment":"scroll","background-type":"","background-media":"","overlay-type":"","overlay-color":"","overlay-opacity":"","overlay-gradient":""},"mobile":{"background-color":"","background-image":"","background-repeat":"repeat","background-position":"center center","background-size":"auto","background-attachment":"scroll","background-type":"","background-media":"","overlay-type":"","overlay-color":"","overlay-opacity":"","overlay-gradient":""}},"ast-content-background-meta":{"desktop":{"background-color":"var(--ast-global-color-5)","background-image":"","background-repeat":"repeat","background-position":"center center","background-size":"auto","background-attachment":"scroll","background-type":"","background-media":"","overlay-type":"","overlay-color":"","overlay-opacity":"","overlay-gradient":""},"tablet":{"background-color":"var(--ast-global-color-5)","background-image":"","background-repeat":"repeat","background-position":"center center","background-size":"auto","background-attachment":"scroll","background-type":"","background-media":"","overlay-type":"","overlay-color":"","overlay-opacity":"","overlay-gradient":""},"mobile":{"background-color":"var(--ast-global-color-5)","background-image":"","background-repeat":"repeat","background-position":"center center","background-size":"auto","background-attachment":"scroll","background-type":"","background-media":"","overlay-type":"","overlay-color":"","overlay-opacity":"","overlay-gradient":""}},"footnotes":""},"categories":[72],"tags":[],"post_folder":[],"class_list":["post-1254","post","type-post","status-publish","format-standard","has-post-thumbnail","hentry","category-evenements"],"yoast_head":"<!-- This site is optimized with the Yoast SEO plugin v27.5 - https:\/\/yoast.com\/product\/yoast-seo-wordpress\/ -->\n<title>Les Sorties \u00e0 Paris du 22 au 24 Mars - DFC<\/title>\n<meta name=\"description\" content=\"D\u00e9couvrez les sorties incontournables du 22 au 24 Mars \u00e0 Paris : la Foire du Tr\u00f4ne, le Printemps du Cin\u00e9ma et le Chorus Festival...\" \/>\n<meta name=\"robots\" content=\"index, follow, max-snippet:-1, max-image-preview:large, max-video-preview:-1\" \/>\n<link rel=\"canonical\" href=\"https:\/\/dfc.fr\/en\/evenements-22-24-mars\/\" \/>\n<meta property=\"og:locale\" content=\"en_US\" \/>\n<meta property=\"og:type\" content=\"article\" \/>\n<meta property=\"og:title\" content=\"Les Sorties \u00e0 Paris du 22 au 24 Mars - DFC\" \/>\n<meta property=\"og:description\" content=\"D\u00e9couvrez les sorties incontournables du 22 au 24 Mars \u00e0 Paris : la Foire du Tr\u00f4ne, le Printemps du Cin\u00e9ma et le Chorus Festival...\" \/>\n<meta property=\"og:url\" content=\"https:\/\/dfc.fr\/en\/evenements-22-24-mars\/\" \/>\n<meta property=\"og:site_name\" content=\"DFC\" \/>\n<meta property=\"article:publisher\" content=\"https:\/\/www.facebook.com\/profile.php?id=61557097902240\" \/>\n<meta property=\"article:published_time\" content=\"2024-03-20T12:00:10+00:00\" \/>\n<meta property=\"og:image\" content=\"https:\/\/dfc.fr\/wp-content\/uploads\/2024\/03\/pexels-almada-studio-1307929-scaled.jpg\" \/>\n\t<meta property=\"og:image:width\" content=\"2560\" \/>\n\t<meta property=\"og:image:height\" content=\"1440\" \/>\n\t<meta property=\"og:image:type\" content=\"image\/jpeg\" \/>\n<meta name=\"author\" content=\"marketing\" \/>\n<meta name=\"twitter:card\" content=\"summary_large_image\" \/>\n<meta name=\"twitter:label1\" content=\"Written by\" \/>\n\t<meta name=\"twitter:data1\" content=\"marketing\" \/>\n\t<meta name=\"twitter:label2\" content=\"Est. reading time\" \/>\n\t<meta name=\"twitter:data2\" content=\"2 minutes\" \/>\n<script type=\"application\/ld+json\" class=\"yoast-schema-graph\">{\"@context\":\"https:\\\/\\\/schema.org\",\"@graph\":[{\"@type\":\"Article\",\"@id\":\"https:\\\/\\\/dfc.fr\\\/evenements-22-24-mars\\\/#article\",\"isPartOf\":{\"@id\":\"https:\\\/\\\/dfc.fr\\\/evenements-22-24-mars\\\/\"},\"author\":{\"name\":\"marketing\",\"@id\":\"https:\\\/\\\/dfc.fr\\\/#\\\/schema\\\/person\\\/3108aff524f3d5969ca2428dc003df1f\"},\"headline\":\"Les Sorties \u00e0 Paris du 22 au 24 Mars\",\"datePublished\":\"2024-03-20T12:00:10+00:00\",\"mainEntityOfPage\":{\"@id\":\"https:\\\/\\\/dfc.fr\\\/evenements-22-24-mars\\\/\"},\"wordCount\":345,\"commentCount\":0,\"publisher\":{\"@id\":\"https:\\\/\\\/dfc.fr\\\/#organization\"},\"image\":{\"@id\":\"https:\\\/\\\/dfc.fr\\\/evenements-22-24-mars\\\/#primaryimage\"},\"thumbnailUrl\":\"https:\\\/\\\/dfc.fr\\\/wp-content\\\/uploads\\\/2024\\\/03\\\/pexels-almada-studio-1307929-scaled.jpg\",\"articleSection\":[\"\u00c9v\u00e9nements\"],\"inLanguage\":\"en-US\",\"potentialAction\":[{\"@type\":\"CommentAction\",\"name\":\"Comment\",\"target\":[\"https:\\\/\\\/dfc.fr\\\/evenements-22-24-mars\\\/#respond\"]}]},{\"@type\":\"WebPage\",\"@id\":\"https:\\\/\\\/dfc.fr\\\/evenements-22-24-mars\\\/\",\"url\":\"https:\\\/\\\/dfc.fr\\\/evenements-22-24-mars\\\/\",\"name\":\"Les Sorties \u00e0 Paris du 22 au 24 Mars - DFC\",\"isPartOf\":{\"@id\":\"https:\\\/\\\/dfc.fr\\\/#website\"},\"primaryImageOfPage\":{\"@id\":\"https:\\\/\\\/dfc.fr\\\/evenements-22-24-mars\\\/#primaryimage\"},\"image\":{\"@id\":\"https:\\\/\\\/dfc.fr\\\/evenements-22-24-mars\\\/#primaryimage\"},\"thumbnailUrl\":\"https:\\\/\\\/dfc.fr\\\/wp-content\\\/uploads\\\/2024\\\/03\\\/pexels-almada-studio-1307929-scaled.jpg\",\"datePublished\":\"2024-03-20T12:00:10+00:00\",\"description\":\"D\u00e9couvrez les sorties incontournables du 22 au 24 Mars \u00e0 Paris : la Foire du Tr\u00f4ne, le Printemps du Cin\u00e9ma et le Chorus Festival...\",\"breadcrumb\":{\"@id\":\"https:\\\/\\\/dfc.fr\\\/evenements-22-24-mars\\\/#breadcrumb\"},\"inLanguage\":\"en-US\",\"potentialAction\":[{\"@type\":\"ReadAction\",\"target\":[\"https:\\\/\\\/dfc.fr\\\/evenements-22-24-mars\\\/\"]}]},{\"@type\":\"ImageObject\",\"inLanguage\":\"en-US\",\"@id\":\"https:\\\/\\\/dfc.fr\\\/evenements-22-24-mars\\\/#primaryimage\",\"url\":\"https:\\\/\\\/dfc.fr\\\/wp-content\\\/uploads\\\/2024\\\/03\\\/pexels-almada-studio-1307929-scaled.jpg\",\"contentUrl\":\"https:\\\/\\\/dfc.fr\\\/wp-content\\\/uploads\\\/2024\\\/03\\\/pexels-almada-studio-1307929-scaled.jpg\",\"width\":2560,\"height\":1440},{\"@type\":\"BreadcrumbList\",\"@id\":\"https:\\\/\\\/dfc.fr\\\/evenements-22-24-mars\\\/#breadcrumb\",\"itemListElement\":[{\"@type\":\"ListItem\",\"position\":1,\"name\":\"Accueil\",\"item\":\"https:\\\/\\\/dfc.fr\\\/\"},{\"@type\":\"ListItem\",\"position\":2,\"name\":\"Les Sorties \u00e0 Paris du 22 au 24 Mars\"}]},{\"@type\":\"WebSite\",\"@id\":\"https:\\\/\\\/dfc.fr\\\/#website\",\"url\":\"https:\\\/\\\/dfc.fr\\\/\",\"name\":\"DFC\",\"description\":\"Douce France Consultants\",\"publisher\":{\"@id\":\"https:\\\/\\\/dfc.fr\\\/#organization\"},\"potentialAction\":[{\"@type\":\"SearchAction\",\"target\":{\"@type\":\"EntryPoint\",\"urlTemplate\":\"https:\\\/\\\/dfc.fr\\\/?s={search_term_string}\"},\"query-input\":{\"@type\":\"PropertyValueSpecification\",\"valueRequired\":true,\"valueName\":\"search_term_string\"}}],\"inLanguage\":\"en-US\"},{\"@type\":\"Organization\",\"@id\":\"https:\\\/\\\/dfc.fr\\\/#organization\",\"name\":\"Douce France Consultants\",\"url\":\"https:\\\/\\\/dfc.fr\\\/\",\"logo\":{\"@type\":\"ImageObject\",\"inLanguage\":\"en-US\",\"@id\":\"https:\\\/\\\/dfc.fr\\\/#\\\/schema\\\/logo\\\/image\\\/\",\"url\":\"https:\\\/\\\/dfc.fr\\\/wp-content\\\/uploads\\\/2024\\\/03\\\/Logo-DFC-White.png\",\"contentUrl\":\"https:\\\/\\\/dfc.fr\\\/wp-content\\\/uploads\\\/2024\\\/03\\\/Logo-DFC-White.png\",\"width\":728,\"height\":324,\"caption\":\"Douce France Consultants\"},\"image\":{\"@id\":\"https:\\\/\\\/dfc.fr\\\/#\\\/schema\\\/logo\\\/image\\\/\"},\"sameAs\":[\"https:\\\/\\\/www.facebook.com\\\/profile.php?id=61557097902240\",\"https:\\\/\\\/fr.linkedin.com\\\/company\\\/douce-france-consultants---d.f.c.\"]},{\"@type\":\"Person\",\"@id\":\"https:\\\/\\\/dfc.fr\\\/#\\\/schema\\\/person\\\/3108aff524f3d5969ca2428dc003df1f\",\"name\":\"marketing\",\"image\":{\"@type\":\"ImageObject\",\"inLanguage\":\"en-US\",\"@id\":\"https:\\\/\\\/secure.gravatar.com\\\/avatar\\\/c5efc235c21b9ef5d17cd075b21443cd9840f4f2e07f07600e054fdfafe0d81a?s=96&d=mm&r=g\",\"url\":\"https:\\\/\\\/secure.gravatar.com\\\/avatar\\\/c5efc235c21b9ef5d17cd075b21443cd9840f4f2e07f07600e054fdfafe0d81a?s=96&d=mm&r=g\",\"contentUrl\":\"https:\\\/\\\/secure.gravatar.com\\\/avatar\\\/c5efc235c21b9ef5d17cd075b21443cd9840f4f2e07f07600e054fdfafe0d81a?s=96&d=mm&r=g\",\"caption\":\"marketing\"},\"url\":\"https:\\\/\\\/dfc.fr\\\/en\\\/author\\\/marketing\\\/\"}]}<\/script>\n<!-- \/ Yoast SEO plugin. -->","yoast_head_json":{"title":"Les Sorties \u00e0 Paris du 22 au 24 Mars - DFC","description":"D\u00e9couvrez les sorties incontournables du 22 au 24 Mars \u00e0 Paris : la Foire du Tr\u00f4ne, le Printemps du Cin\u00e9ma et le Chorus Festival...","robots":{"index":"index","follow":"follow","max-snippet":"max-snippet:-1","max-image-preview":"max-image-preview:large","max-video-preview":"max-video-preview:-1"},"canonical":"https:\/\/dfc.fr\/en\/evenements-22-24-mars\/","og_locale":"en_US","og_type":"article","og_title":"Les Sorties \u00e0 Paris du 22 au 24 Mars - DFC","og_description":"D\u00e9couvrez les sorties incontournables du 22 au 24 Mars \u00e0 Paris : la Foire du Tr\u00f4ne, le Printemps du Cin\u00e9ma et le Chorus Festival...","og_url":"https:\/\/dfc.fr\/en\/evenements-22-24-mars\/","og_site_name":"DFC","article_publisher":"https:\/\/www.facebook.com\/profile.php?id=61557097902240","article_published_time":"2024-03-20T12:00:10+00:00","og_image":[{"width":2560,"height":1440,"url":"https:\/\/dfc.fr\/wp-content\/uploads\/2024\/03\/pexels-almada-studio-1307929-scaled.jpg","type":"image\/jpeg"}],"author":"marketing","twitter_card":"summary_large_image","twitter_misc":{"Written by":"marketing","Est. reading time":"2 minutes"},"schema":{"@context":"https:\/\/schema.org","@graph":[{"@type":"Article","@id":"https:\/\/dfc.fr\/evenements-22-24-mars\/#article","isPartOf":{"@id":"https:\/\/dfc.fr\/evenements-22-24-mars\/"},"author":{"name":"marketing","@id":"https:\/\/dfc.fr\/#\/schema\/person\/3108aff524f3d5969ca2428dc003df1f"},"headline":"Les Sorties \u00e0 Paris du 22 au 24 Mars","datePublished":"2024-03-20T12:00:10+00:00","mainEntityOfPage":{"@id":"https:\/\/dfc.fr\/evenements-22-24-mars\/"},"wordCount":345,"commentCount":0,"publisher":{"@id":"https:\/\/dfc.fr\/#organization"},"image":{"@id":"https:\/\/dfc.fr\/evenements-22-24-mars\/#primaryimage"},"thumbnailUrl":"https:\/\/dfc.fr\/wp-content\/uploads\/2024\/03\/pexels-almada-studio-1307929-scaled.jpg","articleSection":["\u00c9v\u00e9nements"],"inLanguage":"en-US","potentialAction":[{"@type":"CommentAction","name":"Comment","target":["https:\/\/dfc.fr\/evenements-22-24-mars\/#respond"]}]},{"@type":"WebPage","@id":"https:\/\/dfc.fr\/evenements-22-24-mars\/","url":"https:\/\/dfc.fr\/evenements-22-24-mars\/","name":"Les Sorties \u00e0 Paris du 22 au 24 Mars - DFC","isPartOf":{"@id":"https:\/\/dfc.fr\/#website"},"primaryImageOfPage":{"@id":"https:\/\/dfc.fr\/evenements-22-24-mars\/#primaryimage"},"image":{"@id":"https:\/\/dfc.fr\/evenements-22-24-mars\/#primaryimage"},"thumbnailUrl":"https:\/\/dfc.fr\/wp-content\/uploads\/2024\/03\/pexels-almada-studio-1307929-scaled.jpg","datePublished":"2024-03-20T12:00:10+00:00","description":"D\u00e9couvrez les sorties incontournables du 22 au 24 Mars \u00e0 Paris : la Foire du Tr\u00f4ne, le Printemps du Cin\u00e9ma et le Chorus Festival...","breadcrumb":{"@id":"https:\/\/dfc.fr\/evenements-22-24-mars\/#breadcrumb"},"inLanguage":"en-US","potentialAction":[{"@type":"ReadAction","target":["https:\/\/dfc.fr\/evenements-22-24-mars\/"]}]},{"@type":"ImageObject","inLanguage":"en-US","@id":"https:\/\/dfc.fr\/evenements-22-24-mars\/#primaryimage","url":"https:\/\/dfc.fr\/wp-content\/uploads\/2024\/03\/pexels-almada-studio-1307929-scaled.jpg","contentUrl":"https:\/\/dfc.fr\/wp-content\/uploads\/2024\/03\/pexels-almada-studio-1307929-scaled.jpg","width":2560,"height":1440},{"@type":"BreadcrumbList","@id":"https:\/\/dfc.fr\/evenements-22-24-mars\/#breadcrumb","itemListElement":[{"@type":"ListItem","position":1,"name":"Accueil","item":"https:\/\/dfc.fr\/"},{"@type":"ListItem","position":2,"name":"Les Sorties \u00e0 Paris du 22 au 24 Mars"}]},{"@type":"WebSite","@id":"https:\/\/dfc.fr\/#website","url":"https:\/\/dfc.fr\/","name":"DFC","description":"Douce France Consultants","publisher":{"@id":"https:\/\/dfc.fr\/#organization"},"potentialAction":[{"@type":"SearchAction","target":{"@type":"EntryPoint","urlTemplate":"https:\/\/dfc.fr\/?s={search_term_string}"},"query-input":{"@type":"PropertyValueSpecification","valueRequired":true,"valueName":"search_term_string"}}],"inLanguage":"en-US"},{"@type":"Organization","@id":"https:\/\/dfc.fr\/#organization","name":"Douce France Consultants","url":"https:\/\/dfc.fr\/","logo":{"@type":"ImageObject","inLanguage":"en-US","@id":"https:\/\/dfc.fr\/#\/schema\/logo\/image\/","url":"https:\/\/dfc.fr\/wp-content\/uploads\/2024\/03\/Logo-DFC-White.png","contentUrl":"https:\/\/dfc.fr\/wp-content\/uploads\/2024\/03\/Logo-DFC-White.png","width":728,"height":324,"caption":"Douce France Consultants"},"image":{"@id":"https:\/\/dfc.fr\/#\/schema\/logo\/image\/"},"sameAs":["https:\/\/www.facebook.com\/profile.php?id=61557097902240","https:\/\/fr.linkedin.com\/company\/douce-france-consultants---d.f.c."]},{"@type":"Person","@id":"https:\/\/dfc.fr\/#\/schema\/person\/3108aff524f3d5969ca2428dc003df1f","name":"marketing","image":{"@type":"ImageObject","inLanguage":"en-US","@id":"https:\/\/secure.gravatar.com\/avatar\/c5efc235c21b9ef5d17cd075b21443cd9840f4f2e07f07600e054fdfafe0d81a?s=96&d=mm&r=g","url":"https:\/\/secure.gravatar.com\/avatar\/c5efc235c21b9ef5d17cd075b21443cd9840f4f2e07f07600e054fdfafe0d81a?s=96&d=mm&r=g","contentUrl":"https:\/\/secure.gravatar.com\/avatar\/c5efc235c21b9ef5d17cd075b21443cd9840f4f2e07f07600e054fdfafe0d81a?s=96&d=mm&r=g","caption":"marketing"},"url":"https:\/\/dfc.fr\/en\/author\/marketing\/"}]}},"uagb_featured_image_src":{"full":["https:\/\/dfc.fr\/wp-content\/uploads\/2024\/03\/pexels-almada-studio-1307929-scaled.jpg",2560,1440,false],"thumbnail":["https:\/\/dfc.fr\/wp-content\/uploads\/2024\/03\/pexels-almada-studio-1307929-150x150.jpg",150,150,true],"medium":["https:\/\/dfc.fr\/wp-content\/uploads\/2024\/03\/pexels-almada-studio-1307929-300x169.jpg",300,169,true],"medium_large":["https:\/\/dfc.fr\/wp-content\/uploads\/2024\/03\/pexels-almada-studio-1307929-768x432.jpg",768,432,true],"large":["https:\/\/dfc.fr\/wp-content\/uploads\/2024\/03\/pexels-almada-studio-1307929-1024x576.jpg",1024,576,true],"1536x1536":["https:\/\/dfc.fr\/wp-content\/uploads\/2024\/03\/pexels-almada-studio-1307929-1536x864.jpg",1536,864,true],"2048x2048":["https:\/\/dfc.fr\/wp-content\/uploads\/2024\/03\/pexels-almada-studio-1307929-2048x1152.jpg",2048,1152,true],"trp-custom-language-flag":["https:\/\/dfc.fr\/wp-content\/uploads\/2024\/03\/pexels-almada-studio-1307929-scaled.jpg",18,10,false]},"uagb_author_info":{"display_name":"marketing","author_link":"https:\/\/dfc.fr\/en\/author\/marketing\/"},"uagb_comment_info":20,"uagb_excerpt":"Ce week-end du 22 mars \u00e0 Paris s&rsquo;annonce riche en sorties et en \u00e9v\u00e9nements incontournables. Que vous soyez amateur de sensations fortes, passionn\u00e9 de cin\u00e9ma ou m\u00e9lomane, il y en aura pour tous les go\u00fbts. Voici un aper\u00e7u des trois grands rendez-vous \u00e0 ne pas manquer : 1. Foire du Tr\u00f4ne : La Foire du&hellip;","_links":{"self":[{"href":"https:\/\/dfc.fr\/en\/wp-json\/wp\/v2\/posts\/1254","targetHints":{"allow":["GET"]}}],"collection":[{"href":"https:\/\/dfc.fr\/en\/wp-json\/wp\/v2\/posts"}],"about":[{"href":"https:\/\/dfc.fr\/en\/wp-json\/wp\/v2\/types\/post"}],"author":[{"embeddable":true,"href":"https:\/\/dfc.fr\/en\/wp-json\/wp\/v2\/users\/7"}],"replies":[{"embeddable":true,"href":"https:\/\/dfc.fr\/en\/wp-json\/wp\/v2\/comments?post=1254"}],"version-history":[{"count":24,"href":"https:\/\/dfc.fr\/en\/wp-json\/wp\/v2\/posts\/1254\/revisions"}],"predecessor-version":[{"id":1284,"href":"https:\/\/dfc.fr\/en\/wp-json\/wp\/v2\/posts\/1254\/revisions\/1284"}],"wp:featuredmedia":[{"embeddable":true,"href":"https:\/\/dfc.fr\/en\/wp-json\/wp\/v2\/media\/1255"}],"wp:attachment":[{"href":"https:\/\/dfc.fr\/en\/wp-json\/wp\/v2\/media?parent=1254"}],"wp:term":[{"taxonomy":"category","embeddable":true,"href":"https:\/\/dfc.fr\/en\/wp-json\/wp\/v2\/categories?post=1254"},{"taxonomy":"post_tag","embeddable":true,"href":"https:\/\/dfc.fr\/en\/wp-json\/wp\/v2\/tags?post=1254"},{"taxonomy":"post_folder","embeddable":true,"href":"https:\/\/dfc.fr\/en\/wp-json\/wp\/v2\/post_folder?post=1254"}],"curies":[{"name":"wp","href":"https:\/\/api.w.org\/{rel}","templated":true}]}}